{"id":1015,"date":"2018-08-08T08:33:46","date_gmt":"2018-08-08T08:33:46","guid":{"rendered":"https:\/\/spanishconmaria.com\/los-verbos-regulares-en-espanol\/"},"modified":"2025-12-11T17:57:27","modified_gmt":"2025-12-11T17:57:27","slug":"los-verbos-regulares-en-espanol","status":"publish","type":"post","link":"https:\/\/spanishconmaria.com\/en\/los-verbos-regulares-en-espanol\/","title":{"rendered":"LOS VERBOS REGULARES EN ESPA\u00d1OL"},"content":{"rendered":"<p>Para conjugar los verbos en espa\u00f1ol, usamos la ra\u00edz del verbo (el infinitivo menos la terminaci\u00f3n) y ponemos las terminaciones.<\/p>\n<p><a href=\"https:\/\/spanishconmaria.com\/wp-content\/uploads\/2018\/08\/Presente-de-indicativo-1.png\"><img fetchpriority=\"high\" decoding=\"async\" class=\"alignnone size-full wp-image-1010\" src=\"https:\/\/spanishconmaria.com\/wp-content\/uploads\/2018\/08\/Presente-de-indicativo-1.png\" alt=\"\" width=\"560\" height=\"315\" srcset=\"https:\/\/spanishconmaria.com\/wp-content\/uploads\/2018\/08\/Presente-de-indicativo-1.png 560w, https:\/\/spanishconmaria.com\/wp-content\/uploads\/2018\/08\/Presente-de-indicativo-1-300x169.png 300w, https:\/\/spanishconmaria.com\/wp-content\/uploads\/2018\/08\/Presente-de-indicativo-1-260x146.png 260w, https:\/\/spanishconmaria.com\/wp-content\/uploads\/2018\/08\/Presente-de-indicativo-1-50x28.png 50w, https:\/\/spanishconmaria.com\/wp-content\/uploads\/2018\/08\/Presente-de-indicativo-1-133x75.png 133w\" sizes=\"(max-width:767px) 480px, 560px\" \/><\/a><\/p>\n<div class=\"h5p-iframe-wrapper\"><iframe id=\"h5p-iframe-55\" class=\"h5p-iframe\" data-content-id=\"55\" style=\"height:1px\" src=\"about:blank\" frameBorder=\"0\" scrolling=\"no\" title=\"Los verbos regulares de presente\"><\/iframe><\/div>\n<div class=\"h5p-iframe-wrapper\"><iframe id=\"h5p-iframe-58\" class=\"h5p-iframe\" data-content-id=\"58\" style=\"height:1px\" src=\"about:blank\" frameBorder=\"0\" scrolling=\"no\" title=\"verbos regulares\"><\/iframe><\/div>\n<p>&nbsp;<\/p>\n<p><strong>TEMAS RELACIONADOS:<\/strong><\/p>\n<p><strong><a href=\"https:\/\/spanishconmaria.com\/en\/?p=1001\" target=\"_blank\" rel=\"noopener\">Los verbos en espa\u00f1ol: presente de indicativo<\/a><\/strong><\/p>\n<p><strong><a href=\"https:\/\/spanishconmaria.com\/en\/?p=992\" target=\"_blank\" rel=\"noopener\">Los verbos en espa\u00f1ol: la concordancia<\/a><\/strong><\/p>\n<p><strong><a href=\"https:\/\/spanishconmaria.com\/los-verbos-irregulares-en-espanol-e-ie\/\" target=\"_blank\" rel=\"noopener\">Los verbos irregulares: i &gt; ie<\/a><\/strong><\/p>\n","protected":false},"excerpt":{"rendered":"<p>Para conjugar los verbos en espa\u00f1ol, usamos la ra\u00edz del verbo (el infinitivo menos la terminaci\u00f3n) y ponemos las terminaciones. &nbsp; TEMAS RELACIONADOS: Los verbos en<span class=\"excerpt-hellip\"> [\u2026]<\/span><\/p>\n","protected":false},"author":4,"featured_media":1009,"comment_status":"closed","ping_status":"closed","sticky":false,"template":"","format":"standard","meta":{"_exactmetrics_skip_tracking":false,"_exactmetrics_sitenote_active":false,"_exactmetrics_sitenote_note":"","_exactmetrics_sitenote_category":0,"footnotes":""},"categories":[26],"tags":[],"class_list":["post-1015","post","type-post","status-publish","format-standard","has-post-thumbnail","hentry","category-grammar"],"_links":{"self":[{"href":"https:\/\/spanishconmaria.com\/en\/wp-json\/wp\/v2\/posts\/1015","targetHints":{"allow":["GET"]}}],"collection":[{"href":"https:\/\/spanishconmaria.com\/en\/wp-json\/wp\/v2\/posts"}],"about":[{"href":"https:\/\/spanishconmaria.com\/en\/wp-json\/wp\/v2\/types\/post"}],"author":[{"embeddable":true,"href":"https:\/\/spanishconmaria.com\/en\/wp-json\/wp\/v2\/users\/4"}],"replies":[{"embeddable":true,"href":"https:\/\/spanishconmaria.com\/en\/wp-json\/wp\/v2\/comments?post=1015"}],"version-history":[{"count":5,"href":"https:\/\/spanishconmaria.com\/en\/wp-json\/wp\/v2\/posts\/1015\/revisions"}],"predecessor-version":[{"id":2886,"href":"https:\/\/spanishconmaria.com\/en\/wp-json\/wp\/v2\/posts\/1015\/revisions\/2886"}],"wp:featuredmedia":[{"embeddable":true,"href":"https:\/\/spanishconmaria.com\/en\/wp-json\/wp\/v2\/media\/1009"}],"wp:attachment":[{"href":"https:\/\/spanishconmaria.com\/en\/wp-json\/wp\/v2\/media?parent=1015"}],"wp:term":[{"taxonomy":"category","embeddable":true,"href":"https:\/\/spanishconmaria.com\/en\/wp-json\/wp\/v2\/categories?post=1015"},{"taxonomy":"post_tag","embeddable":true,"href":"https:\/\/spanishconmaria.com\/en\/wp-json\/wp\/v2\/tags?post=1015"}],"curies":[{"name":"wp","href":"https:\/\/api.w.org\/{rel}","templated":true}]}}